{"id":1157,"date":"2020-03-08T17:48:51","date_gmt":"2020-03-08T20:48:51","guid":{"rendered":"https:\/\/isfd106-bue.infd.edu.ar\/sitio\/?p=1157"},"modified":"2020-12-18T09:24:43","modified_gmt":"2020-12-18T12:24:43","slug":"aviso-importante-sobre-sanidad","status":"publish","type":"post","link":"https:\/\/isfd106-bue.infd.edu.ar\/sitio\/aviso-importante-sobre-sanidad\/","title":{"rendered":"Aviso importante sobre sanidad"},"content":{"rendered":"<p>Les informamos que la Direcci\u00f3n General de Cultura y Educaci\u00f3n integra el Comit\u00e9 interministerial que el Gobierno de la Provincia ha puesto en marcha para dar respuesta a las problem\u00e1ticas de salud con potencial epid\u00e9mico desde un enfoque de prevenci\u00f3n y cuidado de la salud.<\/p>\n<p>En coordinaci\u00f3n con el Gobierno Nacional, el Comit\u00e9 Interministerial est\u00e1 desarrollando las normativas y protocolos de trabajo correspondientes para instrumentar las medidas preventivas y las recomendaciones efectuadas por la Organizaci\u00f3n Mundial de la Salud para establecimientos educativos.<\/p>\n<p>En este marco, la DGCYE ha creado un circuito de comunicaci\u00f3n con el pr\u00f3posito de proveer informaci\u00f3n y recomendaciones epidemiol\u00f3gicas en forma permanente y organizada facilitar la atenci\u00f3n de consultas y la recepci\u00f3n de informaci\u00f3n proveniente de los distritos.<\/p>\n<p>Asimismo, con el fin de anticiparse a los diversos escenarios en que pudieran desarrollarse las epidemias, se ha puesto en funcionamiento un Programa de Continuidad Pedag\u00f3gica que generar\u00e1 materiales pedag\u00f3gicos y did\u00e1cticos para acompa\u00f1ar las propuestas de ense\u00f1anza de todos los Niveles y Modalidades garantizando la continuidad de las trayectoria educativa de todos los y las estudiantes, seg\u00fan los conocimientos planificados para el presente ciclo lectivo.<\/p>\n<p>Es importante que todos los integrantes del sistema educativo tengan en cuenta que las informaciones p\u00fablicas relativas a casos de sospecha y\/o confirmados deben ser proporcionadas \u00fanicamente por el Ministerio de Salud.<\/p>\n<p>Frente a cualquier inquietud, por favor, las Jefaturas Regionales concentrar\u00e1n la consulta y se comunicar\u00e1n con la Direcci\u00f3n de Inspecci\u00f3n General ( Romina, Andrea, Jimena)<\/p>\n<p>Para las consultas relativas al coronavirus, las familias pueden comunicarse al 0221 4255437 durante las 24 hs.<\/p>\n<p>&nbsp;<\/p>\n<p><em>Documentos relacionados<\/em><\/p>\n<p><a href=\"https:\/\/drive.google.com\/file\/d\/1FyMaseKG1Eid-l8yeN4Co5dk5jrfWmS0\/view?usp=sharing\">Medidas Preventivas en los establecimientos educativos<\/a><\/p>\n<p><a href=\"https:\/\/drive.google.com\/file\/d\/11ZnAWxC384sZprm9zfcsCTw9igNMxWbj\/view?usp=sharing\">Poster resumen de recomendaciones para instituciones p\u00fablicas sobre coronavirus<\/a><\/p>\n<p><a href=\"https:\/\/drive.google.com\/file\/d\/1xs5DHy6mPwWtrl1VtKwX1kW421FakWE5\/view?usp=sharing\">Licencia excepcional por regreso de viaje de zonas infectadas<\/a><\/p>\n<p><a href=\"https:\/\/drive.google.com\/file\/d\/1NNFZ-SeLwmHRyIOgfZt0K82TH2mcGIs6\/view?usp=sharing\">Resoluci\u00f3n 500\/2020 Licencia excepcional<\/a><\/p>\n<p>&nbsp;<\/p>\n<p><em>Ac\u00e1 les dejamos algunos links que pueden consultar y difundir<\/em><\/p>\n<p><a href=\"https:\/\/twitter.com\/BAeducacion\/status\/1236729773772148741?s=20\">https:\/\/twitter.com\/BAeducacion\/status\/1236711316959698944?s=20<\/a><\/p>\n<p><a href=\"https:\/\/drive.google.com\/file\/d\/1PbV0IRGqfwOmb3q7oaBl9MygU95jAspc\/view?usp=sharing\">Sarampi\u00f3n<\/a><\/p>\n<p><a href=\"https:\/\/drive.google.com\/file\/d\/1jsmYrcLNgaE0G2GUoUtSvFc3i-TvvYxT\/view?usp=sharing\">Coronavirus (COVID &#8211; 19)<\/a><\/p>\n<p><a href=\"https:\/\/drive.google.com\/file\/d\/1mO1iBs1oyZuoB3jsdk-pSqrMKC7yzxTy\/view?usp=sharing\">Dengue<\/a><\/p>\n<p>&nbsp;<\/p>\n<p>&nbsp;<\/p>\n<div id=\"fb-root\"><\/div>\n<p><script async=\"1\" defer=\"1\" crossorigin=\"anonymous\" src=\"https:\/\/connect.facebook.net\/es_LA\/sdk.js#xfbml=1&amp;version=v6.0\"><\/script><\/p>\n<div class=\"fb-post\" data-href=\"https:\/\/www.facebook.com\/258084754311826\/posts\/2876294865824122\/\" data-width=\"750\">\n<blockquote cite=\"https:\/\/www.facebook.com\/baeducacion\/posts\/2876294865824122\" class=\"fb-xfbml-parse-ignore\">\n<p>Frente al coronavirus y otras epidemias, desde la Direcci\u00f3n General de Cultura y Educaci\u00f3n integramos el comit\u00e9&#8230;<\/p>\n<p>Publicado por <a href=\"https:\/\/www.facebook.com\/baeducacion\/\">Direcci\u00f3n General de Cultura y Educaci\u00f3n PBA<\/a> en&nbsp;<a href=\"https:\/\/www.facebook.com\/baeducacion\/posts\/2876294865824122\">Domingo, 8 de marzo de 2020<\/a><\/p><\/blockquote>\n<\/div>\n<p>&nbsp;<\/p>\n<p>&nbsp;<\/p>\n","protected":false},"excerpt":{"rendered":"<p>Les informamos que la Direcci\u00f3n General de Cultura y Educaci\u00f3n integra el Comit\u00e9 interministerial que el Gobierno de la Provincia ha puesto en marcha para dar respuesta a las problem\u00e1ticas de salud con potencial epid\u00e9mico desde un enfoque de prevenci\u00f3n y cuidado de la salud. En coordinaci\u00f3n con el Gobierno Nacional, el Comit\u00e9 Interministerial est\u00e1 &#8230; <a title=\"Aviso importante sobre sanidad\" class=\"read-more\" href=\"https:\/\/isfd106-bue.infd.edu.ar\/sitio\/aviso-importante-sobre-sanidad\/\" aria-label=\"More on Aviso importante sobre sanidad\">[+]<\/a><\/p>\n","protected":false},"author":386,"featured_media":0,"comment_status":"closed","ping_status":"open","sticky":false,"template":"","format":"standard","meta":[],"categories":[7],"tags":[],"acf":[],"_links":{"self":[{"href":"https:\/\/isfd106-bue.infd.edu.ar\/sitio\/wp-json\/wp\/v2\/posts\/1157"}],"collection":[{"href":"https:\/\/isfd106-bue.infd.edu.ar\/sitio\/wp-json\/wp\/v2\/posts"}],"about":[{"href":"https:\/\/isfd106-bue.infd.edu.ar\/sitio\/wp-json\/wp\/v2\/types\/post"}],"author":[{"embeddable":true,"href":"https:\/\/isfd106-bue.infd.edu.ar\/sitio\/wp-json\/wp\/v2\/users\/386"}],"replies":[{"embeddable":true,"href":"https:\/\/isfd106-bue.infd.edu.ar\/sitio\/wp-json\/wp\/v2\/comments?post=1157"}],"version-history":[{"count":6,"href":"https:\/\/isfd106-bue.infd.edu.ar\/sitio\/wp-json\/wp\/v2\/posts\/1157\/revisions"}],"predecessor-version":[{"id":1206,"href":"https:\/\/isfd106-bue.infd.edu.ar\/sitio\/wp-json\/wp\/v2\/posts\/1157\/revisions\/1206"}],"wp:attachment":[{"href":"https:\/\/isfd106-bue.infd.edu.ar\/sitio\/wp-json\/wp\/v2\/media?parent=1157"}],"wp:term":[{"taxonomy":"category","embeddable":true,"href":"https:\/\/isfd106-bue.infd.edu.ar\/sitio\/wp-json\/wp\/v2\/categories?post=1157"},{"taxonomy":"post_tag","embeddable":true,"href":"https:\/\/isfd106-bue.infd.edu.ar\/sitio\/wp-json\/wp\/v2\/tags?post=1157"}],"curies":[{"name":"wp","href":"https:\/\/api.w.org\/{rel}","templated":true}]}}