{"id":1155,"date":"2020-03-08T17:46:17","date_gmt":"2020-03-08T20:46:17","guid":{"rendered":"https:\/\/isfd106-bue.infd.edu.ar\/sitio\/?p=1155"},"modified":"2020-12-18T09:24:50","modified_gmt":"2020-12-18T12:24:50","slug":"comunicado-de-jefatura-regional","status":"publish","type":"post","link":"https:\/\/isfd106-bue.infd.edu.ar\/sitio\/comunicado-de-jefatura-regional\/","title":{"rendered":"Comunicado de Jefatura Regional"},"content":{"rendered":"<p>\u00abJefatura de Regi\u00f3n 3 gesti\u00f3n estatal comunica que la \u00fanica red social en la que posee cuenta activa es Instagram: \u00ab<span style=\"color: #3366ff;\">jefaturaregion3gestionestatal<\/span>\u00ab. Toda publicaci\u00f3n que obre en otra red social que no sea esa, no es institucional, no pertenece a la gesti\u00f3n en curso. Esta gesti\u00f3n no posee cuenta en Twitter. Se solicita dar difusi\u00f3n al presente comunicado.\u00bb<\/p>\n","protected":false},"excerpt":{"rendered":"<p>\u00abJefatura de Regi\u00f3n 3 gesti\u00f3n estatal comunica que la \u00fanica red social en la que posee cuenta activa es Instagram: \u00abjefaturaregion3gestionestatal\u00ab. Toda publicaci\u00f3n que obre en otra red social que no sea esa, no es institucional, no pertenece a la gesti\u00f3n en curso. Esta gesti\u00f3n no posee cuenta en Twitter. Se solicita dar difusi\u00f3n al &#8230; <a title=\"Comunicado de Jefatura Regional\" class=\"read-more\" href=\"https:\/\/isfd106-bue.infd.edu.ar\/sitio\/comunicado-de-jefatura-regional\/\" aria-label=\"More on Comunicado de Jefatura Regional\">[+]<\/a><\/p>\n","protected":false},"author":386,"featured_media":0,"comment_status":"closed","ping_status":"open","sticky":false,"template":"","format":"standard","meta":[],"categories":[7],"tags":[],"acf":[],"_links":{"self":[{"href":"https:\/\/isfd106-bue.infd.edu.ar\/sitio\/wp-json\/wp\/v2\/posts\/1155"}],"collection":[{"href":"https:\/\/isfd106-bue.infd.edu.ar\/sitio\/wp-json\/wp\/v2\/posts"}],"about":[{"href":"https:\/\/isfd106-bue.infd.edu.ar\/sitio\/wp-json\/wp\/v2\/types\/post"}],"author":[{"embeddable":true,"href":"https:\/\/isfd106-bue.infd.edu.ar\/sitio\/wp-json\/wp\/v2\/users\/386"}],"replies":[{"embeddable":true,"href":"https:\/\/isfd106-bue.infd.edu.ar\/sitio\/wp-json\/wp\/v2\/comments?post=1155"}],"version-history":[{"count":1,"href":"https:\/\/isfd106-bue.infd.edu.ar\/sitio\/wp-json\/wp\/v2\/posts\/1155\/revisions"}],"predecessor-version":[{"id":1156,"href":"https:\/\/isfd106-bue.infd.edu.ar\/sitio\/wp-json\/wp\/v2\/posts\/1155\/revisions\/1156"}],"wp:attachment":[{"href":"https:\/\/isfd106-bue.infd.edu.ar\/sitio\/wp-json\/wp\/v2\/media?parent=1155"}],"wp:term":[{"taxonomy":"category","embeddable":true,"href":"https:\/\/isfd106-bue.infd.edu.ar\/sitio\/wp-json\/wp\/v2\/categories?post=1155"},{"taxonomy":"post_tag","embeddable":true,"href":"https:\/\/isfd106-bue.infd.edu.ar\/sitio\/wp-json\/wp\/v2\/tags?post=1155"}],"curies":[{"name":"wp","href":"https:\/\/api.w.org\/{rel}","templated":true}]}}