{"id":1141,"date":"2020-03-02T15:10:45","date_gmt":"2020-03-02T18:10:45","guid":{"rendered":"https:\/\/isfd106-bue.infd.edu.ar\/sitio\/?p=1141"},"modified":"2020-03-02T16:23:33","modified_gmt":"2020-03-02T19:23:33","slug":"aviso-importante-programa-de-becas-progresar","status":"publish","type":"post","link":"https:\/\/isfd106-bue.infd.edu.ar\/sitio\/aviso-importante-programa-de-becas-progresar\/","title":{"rendered":"Aviso Importante.  Programa de Becas Progresar"},"content":{"rendered":"<div>Nos comunicamos para\u00a0informarles que ha comenzado la inscripci\u00f3n a\u00a0<strong>progres<\/strong><em><u>ar<\/u>\u00a0.\u00a0<\/em><\/div>\n<div><em>\u00a0<\/em><\/div>\n<div>El periodo de inscripci\u00f3n ser\u00e1 del\u00a0<u>1 al 31 de marzo.<\/u><\/div>\n<div><\/div>\n<div>Para los estudiantes de\u00a0<strong>educaci\u00f3n superior<\/strong>\u00a0la inscripci\u00f3n es \u00fanicamente a trav\u00e9s de<u>\u00a0<\/u><a href=\"https:\/\/progresar.educacion.gob.ar\/\" target=\"_blank\" rel=\"noopener\" data-saferedirecturl=\"https:\/\/www.google.com\/url?q=https:\/\/progresar.educacion.gob.ar\/&amp;source=gmail&amp;ust=1583261469846000&amp;usg=AFQjCNHRb8SEwA_Gdz6Ot-BiOCEikLrqrw\">https:\/\/progresar.educacion.gob.ar\/<\/a><\/div>\n<div><\/div>\n<div>En el siguiente link\u00a0\u00a0<a href=\"https:\/\/isfd106-bue.infd.edu.ar\/sitio\/becas\/\" target=\"_blank\" rel=\"noopener\" data-saferedirecturl=\"https:\/\/www.google.com\/url?q=https:\/\/isfd106-bue.infd.edu.ar\/sitio\/becas\/&amp;source=gmail&amp;ust=1583261469846000&amp;usg=AFQjCNEHAfgAXgFWmN4BOkCz3fC8cEQ95w\">https:\/\/isfd106-bue.infd.edu.ar\/sitio\/becas\/<\/a>\u00a0 encontraran\u00a0un resumen de las bases y condiciones de la l\u00ednea\u00a0<strong>progres<\/strong><strong>ar<\/strong>\u00a0y<strong>\u00a0Pronafe\u00a0<\/strong>para que puedan estar al tanto de los lineamientos generales de cada l\u00ednea de beca.<\/div>\n<div><\/div>\n<div>En particular, queremos informarles que\u00a0<strong>Compromiso Docente<\/strong>\u00a0s\u00f3lo se encuentra disponible para los renovantes de esa l\u00ednea.<\/div>\n<div><\/div>\n<div><span style=\"color: #ff0000;\">Se le solicita imprimir constancia de inscripcion y entregale una copia a la Sra Secretaria Patricia Barindelli, detallando al dorso de la misma cantidad de finales que aprobaron de 1ro, 2do, 3ro y 4to de la carrera, y cuantos finales aprobaron en el ciclo lectivo 2019.<\/span><\/div>\n<div><\/div>\n<div>Atte<\/div>\n<div><\/div>\n<div>Equipo Directivo<\/div>\n","protected":false},"excerpt":{"rendered":"<p>Nos comunicamos para\u00a0informarles que ha comenzado la inscripci\u00f3n a\u00a0progresar\u00a0.\u00a0 \u00a0 El periodo de inscripci\u00f3n ser\u00e1 del\u00a01 al 31 de marzo. Para los estudiantes de\u00a0educaci\u00f3n superior\u00a0la inscripci\u00f3n es \u00fanicamente a trav\u00e9s de\u00a0https:\/\/progresar.educacion.gob.ar\/ En el siguiente link\u00a0\u00a0https:\/\/isfd106-bue.infd.edu.ar\/sitio\/becas\/\u00a0 encontraran\u00a0un resumen de las bases y condiciones de la l\u00ednea\u00a0progresar\u00a0y\u00a0Pronafe\u00a0para que puedan estar al tanto de los lineamientos generales de &#8230; <a title=\"Aviso Importante.  Programa de Becas Progresar\" class=\"read-more\" href=\"https:\/\/isfd106-bue.infd.edu.ar\/sitio\/aviso-importante-programa-de-becas-progresar\/\" aria-label=\"More on Aviso Importante.  Programa de Becas Progresar\">[+]<\/a><\/p>\n","protected":false},"author":386,"featured_media":0,"comment_status":"open","ping_status":"open","sticky":false,"template":"","format":"standard","meta":[],"categories":[7],"tags":[],"acf":[],"_links":{"self":[{"href":"https:\/\/isfd106-bue.infd.edu.ar\/sitio\/wp-json\/wp\/v2\/posts\/1141"}],"collection":[{"href":"https:\/\/isfd106-bue.infd.edu.ar\/sitio\/wp-json\/wp\/v2\/posts"}],"about":[{"href":"https:\/\/isfd106-bue.infd.edu.ar\/sitio\/wp-json\/wp\/v2\/types\/post"}],"author":[{"embeddable":true,"href":"https:\/\/isfd106-bue.infd.edu.ar\/sitio\/wp-json\/wp\/v2\/users\/386"}],"replies":[{"embeddable":true,"href":"https:\/\/isfd106-bue.infd.edu.ar\/sitio\/wp-json\/wp\/v2\/comments?post=1141"}],"version-history":[{"count":7,"href":"https:\/\/isfd106-bue.infd.edu.ar\/sitio\/wp-json\/wp\/v2\/posts\/1141\/revisions"}],"predecessor-version":[{"id":1154,"href":"https:\/\/isfd106-bue.infd.edu.ar\/sitio\/wp-json\/wp\/v2\/posts\/1141\/revisions\/1154"}],"wp:attachment":[{"href":"https:\/\/isfd106-bue.infd.edu.ar\/sitio\/wp-json\/wp\/v2\/media?parent=1141"}],"wp:term":[{"taxonomy":"category","embeddable":true,"href":"https:\/\/isfd106-bue.infd.edu.ar\/sitio\/wp-json\/wp\/v2\/categories?post=1141"},{"taxonomy":"post_tag","embeddable":true,"href":"https:\/\/isfd106-bue.infd.edu.ar\/sitio\/wp-json\/wp\/v2\/tags?post=1141"}],"curies":[{"name":"wp","href":"https:\/\/api.w.org\/{rel}","templated":true}]}}