{"id":1139,"date":"2020-02-19T22:38:17","date_gmt":"2020-02-20T01:38:17","guid":{"rendered":"https:\/\/isfd106-bue.infd.edu.ar\/sitio\/?p=1139"},"modified":"2020-12-18T09:24:55","modified_gmt":"2020-12-18T12:24:55","slug":"atencion-de-la-fonoaudiologa","status":"publish","type":"post","link":"https:\/\/isfd106-bue.infd.edu.ar\/sitio\/atencion-de-la-fonoaudiologa\/","title":{"rendered":"Atenci\u00f3n de la Fonoaudi\u00f3loga"},"content":{"rendered":"<p>Se les comunica los horarios de atenci\u00f3n de la Fonoaudi\u00f3loga Prof Susana Boaglio en el primer cuatrimestre:<\/p>\n<p><strong>Pendientes desde ingreso 2015 a 2018:<\/strong><\/p>\n<ul>\n<li>Mi\u00e9rcoles 26\/2: de 10 a 12 hs \/ 18.00 a 22.00 hs<\/li>\n<li>Lunes 2\/3 y Lunes 9\/ de 8.30 a 12.30 y 17.30 a 21.30 hs<\/li>\n<\/ul>\n<p><strong>Actualizaci\u00f3n 3\u00b0 a\u00f1o y pendientes de ingreso 2019:<\/strong><\/p>\n<ul>\n<li>Todos los lunes del mes de Abril de 8.30 a 12.30 hs y de 17.30 a 21.30 hs<\/li>\n<\/ul>\n<p><strong>Ingresantes 2020<\/strong>:<\/p>\n<ul>\n<li>Todos los\u00a0 lunes del mes de Mayo y de Junio\u00a0 de 8.30 a 12.30 hs y de 17.30 a 21.30 hs<\/li>\n<\/ul>\n<p>Aclaraci\u00f3n: a partir del mes de abril la atenci\u00f3n la realizar\u00e1 en la oficina del altillo.<\/p>\n<p>Saludos<\/p>\n<p>Equipo Directivo<\/p>\n","protected":false},"excerpt":{"rendered":"<p>Se les comunica los horarios de atenci\u00f3n de la Fonoaudi\u00f3loga Prof Susana Boaglio en el primer cuatrimestre: Pendientes desde ingreso 2015 a 2018: Mi\u00e9rcoles 26\/2: de 10 a 12 hs \/ 18.00 a 22.00 hs Lunes 2\/3 y Lunes 9\/ de 8.30 a 12.30 y 17.30 a 21.30 hs Actualizaci\u00f3n 3\u00b0 a\u00f1o y pendientes de &#8230; <a title=\"Atenci\u00f3n de la Fonoaudi\u00f3loga\" class=\"read-more\" href=\"https:\/\/isfd106-bue.infd.edu.ar\/sitio\/atencion-de-la-fonoaudiologa\/\" aria-label=\"More on Atenci\u00f3n de la Fonoaudi\u00f3loga\">[+]<\/a><\/p>\n","protected":false},"author":386,"featured_media":0,"comment_status":"closed","ping_status":"open","sticky":false,"template":"","format":"standard","meta":[],"categories":[7],"tags":[],"acf":[],"_links":{"self":[{"href":"https:\/\/isfd106-bue.infd.edu.ar\/sitio\/wp-json\/wp\/v2\/posts\/1139"}],"collection":[{"href":"https:\/\/isfd106-bue.infd.edu.ar\/sitio\/wp-json\/wp\/v2\/posts"}],"about":[{"href":"https:\/\/isfd106-bue.infd.edu.ar\/sitio\/wp-json\/wp\/v2\/types\/post"}],"author":[{"embeddable":true,"href":"https:\/\/isfd106-bue.infd.edu.ar\/sitio\/wp-json\/wp\/v2\/users\/386"}],"replies":[{"embeddable":true,"href":"https:\/\/isfd106-bue.infd.edu.ar\/sitio\/wp-json\/wp\/v2\/comments?post=1139"}],"version-history":[{"count":1,"href":"https:\/\/isfd106-bue.infd.edu.ar\/sitio\/wp-json\/wp\/v2\/posts\/1139\/revisions"}],"predecessor-version":[{"id":1140,"href":"https:\/\/isfd106-bue.infd.edu.ar\/sitio\/wp-json\/wp\/v2\/posts\/1139\/revisions\/1140"}],"wp:attachment":[{"href":"https:\/\/isfd106-bue.infd.edu.ar\/sitio\/wp-json\/wp\/v2\/media?parent=1139"}],"wp:term":[{"taxonomy":"category","embeddable":true,"href":"https:\/\/isfd106-bue.infd.edu.ar\/sitio\/wp-json\/wp\/v2\/categories?post=1139"},{"taxonomy":"post_tag","embeddable":true,"href":"https:\/\/isfd106-bue.infd.edu.ar\/sitio\/wp-json\/wp\/v2\/tags?post=1139"}],"curies":[{"name":"wp","href":"https:\/\/api.w.org\/{rel}","templated":true}]}}