{"id":1113,"date":"2020-02-14T18:44:43","date_gmt":"2020-02-14T21:44:43","guid":{"rendered":"https:\/\/isfd106-bue.infd.edu.ar\/sitio\/?p=1113"},"modified":"2020-02-14T18:44:43","modified_gmt":"2020-02-14T21:44:43","slug":"pedido-de-cambio-de-carrera","status":"publish","type":"post","link":"https:\/\/isfd106-bue.infd.edu.ar\/sitio\/pedido-de-cambio-de-carrera\/","title":{"rendered":"Pedido de cambio de carrera"},"content":{"rendered":"<p><span style=\"color: #0000ff;\"><strong>Cambios de carrera<\/strong><\/span><\/p>\n<p>El tr\u00e1mite es personal y requiere de actualizaci\u00f3n administrativa.<\/p>\n<p>Presentarse lunes <strong>02\/03 de 8 a 11 hs<\/strong>. y mi\u00e9rcoles <strong>04\/03 de 18,30 a 21 hs<\/strong>.<\/p>\n<p>Deber\u00e1 traer dos fotos 4&#215;4 y completar planilla de inscripci\u00f3n, m\u00e1s equivalencias que corresponden.<\/p>\n","protected":false},"excerpt":{"rendered":"<p>Cambios de carrera El tr\u00e1mite es personal y requiere de actualizaci\u00f3n administrativa. Presentarse lunes 02\/03 de 8 a 11 hs. y mi\u00e9rcoles 04\/03 de 18,30 a 21 hs. Deber\u00e1 traer dos fotos 4&#215;4 y completar planilla de inscripci\u00f3n, m\u00e1s equivalencias que corresponden.<\/p>\n","protected":false},"author":386,"featured_media":0,"comment_status":"open","ping_status":"open","sticky":false,"template":"","format":"standard","meta":[],"categories":[1],"tags":[],"acf":[],"_links":{"self":[{"href":"https:\/\/isfd106-bue.infd.edu.ar\/sitio\/wp-json\/wp\/v2\/posts\/1113"}],"collection":[{"href":"https:\/\/isfd106-bue.infd.edu.ar\/sitio\/wp-json\/wp\/v2\/posts"}],"about":[{"href":"https:\/\/isfd106-bue.infd.edu.ar\/sitio\/wp-json\/wp\/v2\/types\/post"}],"author":[{"embeddable":true,"href":"https:\/\/isfd106-bue.infd.edu.ar\/sitio\/wp-json\/wp\/v2\/users\/386"}],"replies":[{"embeddable":true,"href":"https:\/\/isfd106-bue.infd.edu.ar\/sitio\/wp-json\/wp\/v2\/comments?post=1113"}],"version-history":[{"count":1,"href":"https:\/\/isfd106-bue.infd.edu.ar\/sitio\/wp-json\/wp\/v2\/posts\/1113\/revisions"}],"predecessor-version":[{"id":1114,"href":"https:\/\/isfd106-bue.infd.edu.ar\/sitio\/wp-json\/wp\/v2\/posts\/1113\/revisions\/1114"}],"wp:attachment":[{"href":"https:\/\/isfd106-bue.infd.edu.ar\/sitio\/wp-json\/wp\/v2\/media?parent=1113"}],"wp:term":[{"taxonomy":"category","embeddable":true,"href":"https:\/\/isfd106-bue.infd.edu.ar\/sitio\/wp-json\/wp\/v2\/categories?post=1113"},{"taxonomy":"post_tag","embeddable":true,"href":"https:\/\/isfd106-bue.infd.edu.ar\/sitio\/wp-json\/wp\/v2\/tags?post=1113"}],"curies":[{"name":"wp","href":"https:\/\/api.w.org\/{rel}","templated":true}]}}