{"id":1111,"date":"2020-02-14T18:40:53","date_gmt":"2020-02-14T21:40:53","guid":{"rendered":"https:\/\/isfd106-bue.infd.edu.ar\/sitio\/?p=1111"},"modified":"2020-12-18T09:25:20","modified_gmt":"2020-12-18T12:25:20","slug":"pedido-de-cambio-de-turno","status":"publish","type":"post","link":"https:\/\/isfd106-bue.infd.edu.ar\/sitio\/pedido-de-cambio-de-turno\/","title":{"rendered":"Pedido de cambio de turno"},"content":{"rendered":"<p><span style=\"color: #3366ff;\"><strong>Cambios de turno<\/strong><\/span><\/p>\n<p>Pueden solicitarlo solamente estudiantes regulares a partir de 2\u00b0 a\u00f1o.<\/p>\n<p>Fecha de pedido: del <strong>09 al 13 de marzo<\/strong>.<\/p>\n<p>Se solicita por nota formal, dirigida a Regencia, con datos personales y acad\u00e9micos, motivo del cambio (si es laboral, debe presentar constancia de trabajo).<\/p>\n<p>Deber\u00e1n pasar a notificarse de lo resuelto los d\u00edas: lunes 23\/03 en turno ma\u00f1ana, y viernes 20\/3 en turno vespertino.<\/p>\n<p><span style=\"color: #ff0000;\">Las mismas se conceder\u00e1n de acuerdo a las vacantes disponibles.<\/span><\/p>\n","protected":false},"excerpt":{"rendered":"<p>Cambios de turno Pueden solicitarlo solamente estudiantes regulares a partir de 2\u00b0 a\u00f1o. Fecha de pedido: del 09 al 13 de marzo. Se solicita por nota formal, dirigida a Regencia, con datos personales y acad\u00e9micos, motivo del cambio (si es laboral, debe presentar constancia de trabajo). Deber\u00e1n pasar a notificarse de lo resuelto los d\u00edas: &#8230; <a title=\"Pedido de cambio de turno\" class=\"read-more\" href=\"https:\/\/isfd106-bue.infd.edu.ar\/sitio\/pedido-de-cambio-de-turno\/\" aria-label=\"More on Pedido de cambio de turno\">[+]<\/a><\/p>\n","protected":false},"author":386,"featured_media":0,"comment_status":"closed","ping_status":"open","sticky":false,"template":"","format":"standard","meta":[],"categories":[7],"tags":[],"acf":[],"_links":{"self":[{"href":"https:\/\/isfd106-bue.infd.edu.ar\/sitio\/wp-json\/wp\/v2\/posts\/1111"}],"collection":[{"href":"https:\/\/isfd106-bue.infd.edu.ar\/sitio\/wp-json\/wp\/v2\/posts"}],"about":[{"href":"https:\/\/isfd106-bue.infd.edu.ar\/sitio\/wp-json\/wp\/v2\/types\/post"}],"author":[{"embeddable":true,"href":"https:\/\/isfd106-bue.infd.edu.ar\/sitio\/wp-json\/wp\/v2\/users\/386"}],"replies":[{"embeddable":true,"href":"https:\/\/isfd106-bue.infd.edu.ar\/sitio\/wp-json\/wp\/v2\/comments?post=1111"}],"version-history":[{"count":1,"href":"https:\/\/isfd106-bue.infd.edu.ar\/sitio\/wp-json\/wp\/v2\/posts\/1111\/revisions"}],"predecessor-version":[{"id":1112,"href":"https:\/\/isfd106-bue.infd.edu.ar\/sitio\/wp-json\/wp\/v2\/posts\/1111\/revisions\/1112"}],"wp:attachment":[{"href":"https:\/\/isfd106-bue.infd.edu.ar\/sitio\/wp-json\/wp\/v2\/media?parent=1111"}],"wp:term":[{"taxonomy":"category","embeddable":true,"href":"https:\/\/isfd106-bue.infd.edu.ar\/sitio\/wp-json\/wp\/v2\/categories?post=1111"},{"taxonomy":"post_tag","embeddable":true,"href":"https:\/\/isfd106-bue.infd.edu.ar\/sitio\/wp-json\/wp\/v2\/tags?post=1111"}],"curies":[{"name":"wp","href":"https:\/\/api.w.org\/{rel}","templated":true}]}}